{"id":203,"date":"2024-02-17T20:00:00","date_gmt":"2024-02-17T20:00:00","guid":{"rendered":"https:\/\/janezivacic.com\/?p=203"},"modified":"2024-05-05T18:14:28","modified_gmt":"2024-05-05T18:14:28","slug":"she-wants-to-go-official-lyric-video","status":"publish","type":"post","link":"https:\/\/janezivacic.com\/?p=203","title":{"rendered":"She Wants To Go [Official Lyric Video]"},"content":{"rendered":"\n<figure class=\"wp-block-embed aligncenter is-type-video is-provider-youtube wp-block-embed-youtube wp-embed-aspect-16-9 wp-has-aspect-ratio\"><div class=\"wp-block-embed__wrapper\">\n<iframe loading=\"lazy\" title=\"Janez - She Wants To Go [Official Lyric Video]\" width=\"500\" height=\"281\" src=\"https:\/\/www.youtube.com\/embed\/Ewd3DqbqUFM?feature=oembed\" frameborder=\"0\" allow=\"accelerometer; autoplay; clipboard-write; encrypted-media; gyroscope; picture-in-picture; web-share\" referrerpolicy=\"strict-origin-when-cross-origin\" allowfullscreen><\/iframe>\n<\/div><figcaption class=\"wp-element-caption\">Check out the official lyric video for Janez &#8211; She Wants To Go!<br>Taken from the EP Secret Place released in 2024. <br>Subscribe to the Janez channel for all the best and latest official music videos, behind the scenes and live performances.\u202f VIDEO CREDITS: Camera: Zana Kova\u010di\u010d Directed by: Ana Mi\u0161i\u010d Editing: Zana Kova\u010di\u010d &amp; Ana Mi\u0161i\u010d<br><\/figcaption><\/figure>\n","protected":false},"excerpt":{"rendered":"","protected":false},"author":2,"featured_media":0,"comment_status":"open","ping_status":"open","sticky":false,"template":"","format":"standard","meta":{"advanced_seo_description":"","jetpack_seo_html_title":"","jetpack_seo_noindex":false,"_jetpack_memberships_contains_paid_content":false,"footnotes":""},"categories":[1],"tags":[],"class_list":["post-203","post","type-post","status-publish","format-standard","hentry","category-uncategorized"],"jetpack_featured_media_url":"","jetpack_sharing_enabled":true,"_links":{"self":[{"href":"https:\/\/janezivacic.com\/index.php?rest_route=\/wp\/v2\/posts\/203","targetHints":{"allow":["GET"]}}],"collection":[{"href":"https:\/\/janezivacic.com\/index.php?rest_route=\/wp\/v2\/posts"}],"about":[{"href":"https:\/\/janezivacic.com\/index.php?rest_route=\/wp\/v2\/types\/post"}],"author":[{"embeddable":true,"href":"https:\/\/janezivacic.com\/index.php?rest_route=\/wp\/v2\/users\/2"}],"replies":[{"embeddable":true,"href":"https:\/\/janezivacic.com\/index.php?rest_route=%2Fwp%2Fv2%2Fcomments&post=203"}],"version-history":[{"count":2,"href":"https:\/\/janezivacic.com\/index.php?rest_route=\/wp\/v2\/posts\/203\/revisions"}],"predecessor-version":[{"id":205,"href":"https:\/\/janezivacic.com\/index.php?rest_route=\/wp\/v2\/posts\/203\/revisions\/205"}],"wp:attachment":[{"href":"https:\/\/janezivacic.com\/index.php?rest_route=%2Fwp%2Fv2%2Fmedia&parent=203"}],"wp:term":[{"taxonomy":"category","embeddable":true,"href":"https:\/\/janezivacic.com\/index.php?rest_route=%2Fwp%2Fv2%2Fcategories&post=203"},{"taxonomy":"post_tag","embeddable":true,"href":"https:\/\/janezivacic.com\/index.php?rest_route=%2Fwp%2Fv2%2Ftags&post=203"}],"curies":[{"name":"wp","href":"https:\/\/api.w.org\/{rel}","templated":true}]}}